{"id":399,"date":"2025-05-25T19:30:31","date_gmt":"2025-05-25T19:30:31","guid":{"rendered":"https:\/\/www.airforall.sk\/tepelna-cerpadla-pro-usporne-a-ekologicke-bydleni\/"},"modified":"2025-06-06T08:47:11","modified_gmt":"2025-06-06T08:47:11","slug":"tepelna-cerpadla-pro-usporne-a-ekologicke-bydleni","status":"publish","type":"post","link":"https:\/\/www.airforall.sk\/cs\/tepelna-cerpadla-pro-usporne-a-ekologicke-bydleni\/","title":{"rendered":"Tepeln\u00e1 \u010derpadla pro \u00fasporn\u00e9 a ekologick\u00e9 bydlen\u00ed"},"content":{"rendered":"<p style=\"font-weight: 400;\">Tepeln\u00e1 \u010derpadla vyu\u017e\u00edvaj\u00ed energii z okoln\u00edho prost\u0159ed\u00ed a p\u0159em\u011b\u0148uj\u00ed ji na teplo pro dom\u00e1cnost. D\u00edky tomu nab\u00edzej\u00ed efektivn\u00ed zp\u016fsob vyt\u00e1p\u011bn\u00ed a oh\u0159evu vody s minim\u00e1ln\u00edmi provozn\u00edmi n\u00e1klady. Jejich pou\u017e\u00edv\u00e1n\u00ed pom\u00e1h\u00e1 sni\u017eovat emise a spot\u0159ebu energie. \u010cerpadla jsou vhodn\u00e1 pro novostavby i rekonstrukce a lze je kombinovat s podlahov\u00fdm vyt\u00e1p\u011bn\u00edm i tradi\u010dn\u00edmi radi\u00e1tory. Na trhu jsou k dispozici \u0159e\u0161en\u00ed od n\u011bkolika v\u00fdrobc\u016f. Mezi nejvyhled\u00e1van\u011bj\u0161\u00ed pat\u0159\u00ed Sensei, Haier a Mitsubishi, p\u0159i\u010dem\u017e ka\u017ed\u00e1 zna\u010dka nab\u00edz\u00ed sv\u00e9 vlastn\u00ed v\u00fdhody.<\/p>\n<h3><\/h3>\n<h3 style=\"font-weight: 400;\"><strong>Sensei pro tich\u00fd a vyv\u00e1\u017een\u00fd provoz po cel\u00fd rok<\/strong><\/h3>\n<p style=\"font-weight: 400;\">Za\u0159\u00edzen\u00ed Sensei dosahuj\u00ed vysok\u00e9 \u00fa\u010dinnosti i p\u0159i ni\u017e\u0161\u00edch teplot\u00e1ch. Pou\u017e\u00edvaj\u00ed ekologick\u00e9 chladivo, kter\u00e9 sni\u017euje emise oxidu uhli\u010dit\u00e9ho o v\u00edce ne\u017e sedmdes\u00e1t procent. No\u010dn\u00ed re\u017eim sni\u017euje hlu\u010dnost a zaji\u0161\u0165uje klid i b\u011bhem sp\u00e1nku. \u010cerpadlo v zim\u011b vyt\u00e1p\u00ed, v l\u00e9t\u011b chlad\u00ed a po cel\u00fd rok zaji\u0161\u0165uje teplou vodu. D\u00edky sv\u00e9 kompaktn\u00ed konstrukci zab\u00edr\u00e1 minimum m\u00edsta.<\/p>\n<h3><\/h3>\n<h3 style=\"font-weight: 400;\"><strong>Haier s v\u00fdkonem a \u00faspornost\u00ed i v extr\u00e9mn\u00edch podm\u00ednk\u00e1ch<\/strong><\/h3>\n<p style=\"font-weight: 400;\">Tepeln\u00e1 \u010derpadla Haier jsou vhodn\u00e1 i pro oblasti s velmi n\u00edzk\u00fdmi teplotami. Dok\u00e1\u017eou \u00fa\u010dinn\u011b vyt\u00e1p\u011bt a\u017e do minus p\u011btadvaceti stup\u0148\u016f Celsia. Za\u0159\u00edzen\u00ed pracuje s vysokou \u00fa\u010dinnost\u00ed, kter\u00e1 dosahuje hodnoty p\u011bt nula dva. Provoz je tich\u00fd a \u0161etrn\u00fd k \u017eivotn\u00edmu prost\u0159ed\u00ed. Syst\u00e9m lze ovl\u00e1dat na z\u00e1klad\u011b teploty vody, teploty vzduchu nebo pomoc\u00ed termostatu. V l\u00e9t\u011b jej lze pou\u017e\u00edt i k ochlazov\u00e1n\u00ed interi\u00e9ru.<\/p>\n<h3><\/h3>\n<h3 style=\"font-weight: 400;\"><strong>Mitsubishi pro stabilitu a dlouhodob\u00e1 \u0159e\u0161en\u00ed<\/strong><\/h3>\n<p style=\"font-weight: 400;\">Zna\u010dka Mitsubishi je zn\u00e1m\u00e1 svou vysokou spolehlivost\u00ed. \u010cerpadla pracuj\u00ed i p\u0159i teplot\u00e1ch do minus osmadvaceti stup\u0148\u016f Celsia a umo\u017e\u0148uj\u00ed v\u00fdstupn\u00ed teplotu vody a\u017e \u0161edes\u00e1t stup\u0148\u016f. Jsou vhodn\u00e1 pro nov\u00e9 i star\u0161\u00ed domy. Jejich kompaktn\u00ed design, tich\u00fd provoz a energetick\u00e1 t\u0159\u00edda A plus plus plus plus z nich \u010din\u00ed atraktivn\u00ed volbu pro ty, kte\u0159\u00ed hledaj\u00ed kvalitn\u00ed a \u00fa\u010dinn\u00e9 vyt\u00e1p\u011bn\u00ed.<\/p>\n<p>&nbsp;<\/p>\n<p><img decoding=\"async\" class=\"size-full wp-image-205 lazyload\" data-src=\"https:\/\/www.airforall.sk\/wp-content\/uploads\/2025\/05\/the-retro-of-an-evaporator-coil-and-condenser-coil-2024-11-26-11-46-36-utc-scaled.jpg\" alt=\"tepeln\u00e9 \u010derpadlo\" width=\"2560\" height=\"1801\" data-srcset=\"https:\/\/www.airforall.sk\/wp-content\/uploads\/2025\/05\/the-retro-of-an-evaporator-coil-and-condenser-coil-2024-11-26-11-46-36-utc-scaled.jpg 2560w, https:\/\/www.airforall.sk\/wp-content\/uploads\/2025\/05\/the-retro-of-an-evaporator-coil-and-condenser-coil-2024-11-26-11-46-36-utc-300x211.jpg 300w, https:\/\/www.airforall.sk\/wp-content\/uploads\/2025\/05\/the-retro-of-an-evaporator-coil-and-condenser-coil-2024-11-26-11-46-36-utc-1024x720.jpg 1024w, https:\/\/www.airforall.sk\/wp-content\/uploads\/2025\/05\/the-retro-of-an-evaporator-coil-and-condenser-coil-2024-11-26-11-46-36-utc-768x540.jpg 768w, https:\/\/www.airforall.sk\/wp-content\/uploads\/2025\/05\/the-retro-of-an-evaporator-coil-and-condenser-coil-2024-11-26-11-46-36-utc-1536x1080.jpg 1536w, https:\/\/www.airforall.sk\/wp-content\/uploads\/2025\/05\/the-retro-of-an-evaporator-coil-and-condenser-coil-2024-11-26-11-46-36-utc-2048x1440.jpg 2048w\" data-sizes=\"(max-width: 2560px) 100vw, 2560px\" src=\"data:image\/gif;base64,R0lGODlhAQABAAAAACH5BAEKAAEALAAAAAABAAEAAAICTAEAOw==\" style=\"--smush-placeholder-width: 2560px; --smush-placeholder-aspect-ratio: 2560\/1801;\" \/><\/p>\n<h3><\/h3>\n<h3><strong>Investice, kter\u00e1 se vyplat\u00ed<\/strong><\/h3>\n<p style=\"font-weight: 400;\">Krom\u011b v\u00fdrazn\u00e9ho sn\u00ed\u017een\u00ed provozn\u00edch n\u00e1klad\u016f a zv\u00fd\u0161en\u00ed komfortu bydlen\u00ed zvy\u0161uj\u00ed tepeln\u00e1 \u010derpadla tak\u00e9 hodnotu nemovitosti. Jejich dlouh\u00e1 \u017eivotnost a minim\u00e1ln\u00ed pot\u0159eba \u00fadr\u017eby z nich \u010din\u00ed \u0159e\u0161en\u00ed, kter\u00e9 se z dlouhodob\u00e9ho hlediska jednozna\u010dn\u011b vyplat\u00ed. V kombinaci s fotovoltaikou nebo inteligentn\u00edm \u0159\u00edzen\u00edm spot\u0159eby m\u016f\u017ee dom\u00e1cnost z\u00edskat t\u00e9m\u011b\u0159 \u00faplnou energetickou nez\u00e1vislost.<\/p>\n","protected":false},"excerpt":{"rendered":"<p>Tepeln\u00e1 \u010derpadla vyu\u017e\u00edvaj\u00ed energii z okoln\u00edho prost\u0159ed\u00ed a p\u0159em\u011b\u0148uj\u00ed ji na teplo pro dom\u00e1cnost. D\u00edky tomu nab\u00edzej\u00ed efektivn\u00ed zp\u016fsob vyt\u00e1p\u011bn\u00ed a oh\u0159evu vody s minim\u00e1ln\u00edmi n\u00e1klady. Jejich pou\u017e\u00edv\u00e1n\u00ed pom\u00e1h\u00e1 sni\u017eovat emise a spot\u0159ebu energie. \u010cerpadla jsou vhodn\u00e1 pro novostavby i rekonstrukce a lze je kombinovat s podlahov\u00fdm vyt\u00e1p\u011bn\u00edm i tradi\u010dn\u00edmi radi\u00e1tory.<\/p>\n","protected":false},"author":1,"featured_media":306,"comment_status":"closed","ping_status":"closed","sticky":false,"template":"","format":"standard","meta":{"_acf_changed":false,"inline_featured_image":false,"footnotes":""},"categories":[26],"tags":[],"class_list":["post-399","post","type-post","status-publish","format-standard","has-post-thumbnail","hentry","category-tepelna-cerpadla"],"acf":[],"yoast_head":"<!-- This site is optimized with the Yoast SEO plugin v25.7 - https:\/\/yoast.com\/wordpress\/plugins\/seo\/ -->\n<title>Tepeln\u00e1 \u010derpadla pro \u00fasporn\u00e9 a ekologick\u00e9 bydlen\u00ed | Air for all<\/title>\n<meta name=\"robots\" content=\"index, follow, max-snippet:-1, max-image-preview:large, max-video-preview:-1\" \/>\n<link rel=\"canonical\" href=\"https:\/\/www.airforall.sk\/tepelne-cerpadla-pre-usporne-a-ekologicke-byvanie\/\" \/>\n<meta property=\"og:locale\" content=\"cs_CZ\" \/>\n<meta property=\"og:type\" content=\"article\" \/>\n<meta property=\"og:title\" content=\"Tepeln\u00e1 \u010derpadla pro \u00fasporn\u00e9 a ekologick\u00e9 bydlen\u00ed | Air for all\" \/>\n<meta property=\"og:description\" content=\"Tepeln\u00e1 \u010derpadla vyu\u017e\u00edvaj\u00ed energii z okoln\u00edho prost\u0159ed\u00ed a p\u0159em\u011b\u0148uj\u00ed ji na teplo pro dom\u00e1cnost. D\u00edky tomu nab\u00edzej\u00ed efektivn\u00ed zp\u016fsob vyt\u00e1p\u011bn\u00ed a oh\u0159evu vody s minim\u00e1ln\u00edmi n\u00e1klady. Jejich pou\u017e\u00edv\u00e1n\u00ed pom\u00e1h\u00e1 sni\u017eovat emise a spot\u0159ebu energie. \u010cerpadla jsou vhodn\u00e1 pro novostavby i rekonstrukce a lze je kombinovat s podlahov\u00fdm vyt\u00e1p\u011bn\u00edm i tradi\u010dn\u00edmi radi\u00e1tory.\" \/>\n<meta property=\"og:url\" content=\"https:\/\/www.airforall.sk\/tepelne-cerpadla-pre-usporne-a-ekologicke-byvanie\/\" \/>\n<meta property=\"og:site_name\" content=\"Air for all\" \/>\n<meta property=\"article:published_time\" content=\"2025-05-25T19:30:31+00:00\" \/>\n<meta property=\"article:modified_time\" content=\"2025-06-06T08:47:11+00:00\" \/>\n<meta property=\"og:image\" content=\"https:\/\/www.airforall.sk\/wp-content\/uploads\/2025\/05\/outdoor-air-conditioner-split-system-unit-on-white-2025-02-12-18-32-46-utc-scaled.jpg\" \/>\n\t<meta property=\"og:image:width\" content=\"2560\" \/>\n\t<meta property=\"og:image:height\" content=\"1707\" \/>\n\t<meta property=\"og:image:type\" content=\"image\/jpeg\" \/>\n<meta name=\"author\" content=\"upvision.sk\" \/>\n<meta name=\"twitter:card\" content=\"summary_large_image\" \/>\n<meta name=\"twitter:label1\" content=\"Napsal(a)\" \/>\n\t<meta name=\"twitter:data1\" content=\"upvision.sk\" \/>\n\t<meta name=\"twitter:label2\" content=\"Odhadovan\u00e1 doba \u010dten\u00ed\" \/>\n\t<meta name=\"twitter:data2\" content=\"2 minuty\" \/>\n<script type=\"application\/ld+json\" class=\"yoast-schema-graph\">{\"@context\":\"https:\/\/schema.org\",\"@graph\":[{\"@type\":\"Article\",\"@id\":\"https:\/\/www.airforall.sk\/tepelne-cerpadla-pre-usporne-a-ekologicke-byvanie\/#article\",\"isPartOf\":{\"@id\":\"https:\/\/www.airforall.sk\/tepelne-cerpadla-pre-usporne-a-ekologicke-byvanie\/\"},\"author\":{\"name\":\"upvision.sk\",\"@id\":\"https:\/\/www.airforall.sk\/de\/#\/schema\/person\/37e1bed8a45950abf4e1e111eae9507c\"},\"headline\":\"Tepeln\u00e1 \u010derpadla pro \u00fasporn\u00e9 a ekologick\u00e9 bydlen\u00ed\",\"datePublished\":\"2025-05-25T19:30:31+00:00\",\"dateModified\":\"2025-06-06T08:47:11+00:00\",\"mainEntityOfPage\":{\"@id\":\"https:\/\/www.airforall.sk\/tepelne-cerpadla-pre-usporne-a-ekologicke-byvanie\/\"},\"wordCount\":448,\"publisher\":{\"@id\":\"https:\/\/www.airforall.sk\/de\/#organization\"},\"image\":{\"@id\":\"https:\/\/www.airforall.sk\/tepelne-cerpadla-pre-usporne-a-ekologicke-byvanie\/#primaryimage\"},\"thumbnailUrl\":\"https:\/\/www.airforall.sk\/wp-content\/uploads\/2025\/05\/outdoor-air-conditioner-split-system-unit-on-white-2025-02-12-18-32-46-utc-scaled.jpg\",\"articleSection\":[\"TEPELN\u00c1 \u010cERPADLA\"],\"inLanguage\":\"cs\"},{\"@type\":\"WebPage\",\"@id\":\"https:\/\/www.airforall.sk\/tepelne-cerpadla-pre-usporne-a-ekologicke-byvanie\/\",\"url\":\"https:\/\/www.airforall.sk\/tepelne-cerpadla-pre-usporne-a-ekologicke-byvanie\/\",\"name\":\"Tepeln\u00e1 \u010derpadla pro \u00fasporn\u00e9 a ekologick\u00e9 bydlen\u00ed | Air for all\",\"isPartOf\":{\"@id\":\"https:\/\/www.airforall.sk\/de\/#website\"},\"primaryImageOfPage\":{\"@id\":\"https:\/\/www.airforall.sk\/tepelne-cerpadla-pre-usporne-a-ekologicke-byvanie\/#primaryimage\"},\"image\":{\"@id\":\"https:\/\/www.airforall.sk\/tepelne-cerpadla-pre-usporne-a-ekologicke-byvanie\/#primaryimage\"},\"thumbnailUrl\":\"https:\/\/www.airforall.sk\/wp-content\/uploads\/2025\/05\/outdoor-air-conditioner-split-system-unit-on-white-2025-02-12-18-32-46-utc-scaled.jpg\",\"datePublished\":\"2025-05-25T19:30:31+00:00\",\"dateModified\":\"2025-06-06T08:47:11+00:00\",\"breadcrumb\":{\"@id\":\"https:\/\/www.airforall.sk\/tepelne-cerpadla-pre-usporne-a-ekologicke-byvanie\/#breadcrumb\"},\"inLanguage\":\"cs\",\"potentialAction\":[{\"@type\":\"ReadAction\",\"target\":[\"https:\/\/www.airforall.sk\/tepelne-cerpadla-pre-usporne-a-ekologicke-byvanie\/\"]}]},{\"@type\":\"ImageObject\",\"inLanguage\":\"cs\",\"@id\":\"https:\/\/www.airforall.sk\/tepelne-cerpadla-pre-usporne-a-ekologicke-byvanie\/#primaryimage\",\"url\":\"https:\/\/www.airforall.sk\/wp-content\/uploads\/2025\/05\/outdoor-air-conditioner-split-system-unit-on-white-2025-02-12-18-32-46-utc-scaled.jpg\",\"contentUrl\":\"https:\/\/www.airforall.sk\/wp-content\/uploads\/2025\/05\/outdoor-air-conditioner-split-system-unit-on-white-2025-02-12-18-32-46-utc-scaled.jpg\",\"width\":2560,\"height\":1707,\"caption\":\"Outdoor air conditioner split system unit on white wall with copy space. HVAC industrial appliance\"},{\"@type\":\"BreadcrumbList\",\"@id\":\"https:\/\/www.airforall.sk\/tepelne-cerpadla-pre-usporne-a-ekologicke-byvanie\/#breadcrumb\",\"itemListElement\":[{\"@type\":\"ListItem\",\"position\":1,\"name\":\"Domovsk\u00e1 str\u00e1nka\",\"item\":\"https:\/\/www.airforall.sk\/cs\/\"},{\"@type\":\"ListItem\",\"position\":2,\"name\":\"Tepeln\u00e1 \u010derpadla pro \u00fasporn\u00e9 a ekologick\u00e9 bydlen\u00ed\"}]},{\"@type\":\"WebSite\",\"@id\":\"https:\/\/www.airforall.sk\/de\/#website\",\"url\":\"https:\/\/www.airforall.sk\/de\/\",\"name\":\"Air For All\",\"description\":\"Chladenie, k\u00farenie, \u010derstv\u00fd vzduch.\",\"publisher\":{\"@id\":\"https:\/\/www.airforall.sk\/de\/#organization\"},\"potentialAction\":[{\"@type\":\"SearchAction\",\"target\":{\"@type\":\"EntryPoint\",\"urlTemplate\":\"https:\/\/www.airforall.sk\/de\/?s={search_term_string}\"},\"query-input\":{\"@type\":\"PropertyValueSpecification\",\"valueRequired\":true,\"valueName\":\"search_term_string\"}}],\"inLanguage\":\"cs\"},{\"@type\":\"Organization\",\"@id\":\"https:\/\/www.airforall.sk\/de\/#organization\",\"name\":\"Air For All\",\"url\":\"https:\/\/www.airforall.sk\/de\/\",\"logo\":{\"@type\":\"ImageObject\",\"inLanguage\":\"cs\",\"@id\":\"https:\/\/www.airforall.sk\/de\/#\/schema\/logo\/image\/\",\"url\":\"https:\/\/www.airforall.sk\/wp-content\/uploads\/2025\/06\/cropped-favicon_512px.png\",\"contentUrl\":\"https:\/\/www.airforall.sk\/wp-content\/uploads\/2025\/06\/cropped-favicon_512px.png\",\"width\":512,\"height\":512,\"caption\":\"Air For All\"},\"image\":{\"@id\":\"https:\/\/www.airforall.sk\/de\/#\/schema\/logo\/image\/\"}},{\"@type\":\"Person\",\"@id\":\"https:\/\/www.airforall.sk\/de\/#\/schema\/person\/37e1bed8a45950abf4e1e111eae9507c\",\"name\":\"upvision.sk\",\"image\":{\"@type\":\"ImageObject\",\"inLanguage\":\"cs\",\"@id\":\"https:\/\/www.airforall.sk\/de\/#\/schema\/person\/image\/\",\"url\":\"https:\/\/secure.gravatar.com\/avatar\/b1dc9124bc119b801fab686b36b471b3cbdb46bb9e4d90091a092d509ca852d4?s=96&d=mm&r=g\",\"contentUrl\":\"https:\/\/secure.gravatar.com\/avatar\/b1dc9124bc119b801fab686b36b471b3cbdb46bb9e4d90091a092d509ca852d4?s=96&d=mm&r=g\",\"caption\":\"upvision.sk\"},\"sameAs\":[\"https:\/\/www.airforall.sk\"]}]}<\/script>\n<!-- \/ Yoast SEO plugin. -->","yoast_head_json":{"title":"Tepeln\u00e1 \u010derpadla pro \u00fasporn\u00e9 a ekologick\u00e9 bydlen\u00ed | Air for all","robots":{"index":"index","follow":"follow","max-snippet":"max-snippet:-1","max-image-preview":"max-image-preview:large","max-video-preview":"max-video-preview:-1"},"canonical":"https:\/\/www.airforall.sk\/tepelne-cerpadla-pre-usporne-a-ekologicke-byvanie\/","og_locale":"cs_CZ","og_type":"article","og_title":"Tepeln\u00e1 \u010derpadla pro \u00fasporn\u00e9 a ekologick\u00e9 bydlen\u00ed | Air for all","og_description":"Tepeln\u00e1 \u010derpadla vyu\u017e\u00edvaj\u00ed energii z okoln\u00edho prost\u0159ed\u00ed a p\u0159em\u011b\u0148uj\u00ed ji na teplo pro dom\u00e1cnost. D\u00edky tomu nab\u00edzej\u00ed efektivn\u00ed zp\u016fsob vyt\u00e1p\u011bn\u00ed a oh\u0159evu vody s minim\u00e1ln\u00edmi n\u00e1klady. Jejich pou\u017e\u00edv\u00e1n\u00ed pom\u00e1h\u00e1 sni\u017eovat emise a spot\u0159ebu energie. \u010cerpadla jsou vhodn\u00e1 pro novostavby i rekonstrukce a lze je kombinovat s podlahov\u00fdm vyt\u00e1p\u011bn\u00edm i tradi\u010dn\u00edmi radi\u00e1tory.","og_url":"https:\/\/www.airforall.sk\/tepelne-cerpadla-pre-usporne-a-ekologicke-byvanie\/","og_site_name":"Air for all","article_published_time":"2025-05-25T19:30:31+00:00","article_modified_time":"2025-06-06T08:47:11+00:00","og_image":[{"width":2560,"height":1707,"url":"https:\/\/www.airforall.sk\/wp-content\/uploads\/2025\/05\/outdoor-air-conditioner-split-system-unit-on-white-2025-02-12-18-32-46-utc-scaled.jpg","type":"image\/jpeg"}],"author":"upvision.sk","twitter_card":"summary_large_image","twitter_misc":{"Napsal(a)":"upvision.sk","Odhadovan\u00e1 doba \u010dten\u00ed":"2 minuty"},"schema":{"@context":"https:\/\/schema.org","@graph":[{"@type":"Article","@id":"https:\/\/www.airforall.sk\/tepelne-cerpadla-pre-usporne-a-ekologicke-byvanie\/#article","isPartOf":{"@id":"https:\/\/www.airforall.sk\/tepelne-cerpadla-pre-usporne-a-ekologicke-byvanie\/"},"author":{"name":"upvision.sk","@id":"https:\/\/www.airforall.sk\/de\/#\/schema\/person\/37e1bed8a45950abf4e1e111eae9507c"},"headline":"Tepeln\u00e1 \u010derpadla pro \u00fasporn\u00e9 a ekologick\u00e9 bydlen\u00ed","datePublished":"2025-05-25T19:30:31+00:00","dateModified":"2025-06-06T08:47:11+00:00","mainEntityOfPage":{"@id":"https:\/\/www.airforall.sk\/tepelne-cerpadla-pre-usporne-a-ekologicke-byvanie\/"},"wordCount":448,"publisher":{"@id":"https:\/\/www.airforall.sk\/de\/#organization"},"image":{"@id":"https:\/\/www.airforall.sk\/tepelne-cerpadla-pre-usporne-a-ekologicke-byvanie\/#primaryimage"},"thumbnailUrl":"https:\/\/www.airforall.sk\/wp-content\/uploads\/2025\/05\/outdoor-air-conditioner-split-system-unit-on-white-2025-02-12-18-32-46-utc-scaled.jpg","articleSection":["TEPELN\u00c1 \u010cERPADLA"],"inLanguage":"cs"},{"@type":"WebPage","@id":"https:\/\/www.airforall.sk\/tepelne-cerpadla-pre-usporne-a-ekologicke-byvanie\/","url":"https:\/\/www.airforall.sk\/tepelne-cerpadla-pre-usporne-a-ekologicke-byvanie\/","name":"Tepeln\u00e1 \u010derpadla pro \u00fasporn\u00e9 a ekologick\u00e9 bydlen\u00ed | Air for all","isPartOf":{"@id":"https:\/\/www.airforall.sk\/de\/#website"},"primaryImageOfPage":{"@id":"https:\/\/www.airforall.sk\/tepelne-cerpadla-pre-usporne-a-ekologicke-byvanie\/#primaryimage"},"image":{"@id":"https:\/\/www.airforall.sk\/tepelne-cerpadla-pre-usporne-a-ekologicke-byvanie\/#primaryimage"},"thumbnailUrl":"https:\/\/www.airforall.sk\/wp-content\/uploads\/2025\/05\/outdoor-air-conditioner-split-system-unit-on-white-2025-02-12-18-32-46-utc-scaled.jpg","datePublished":"2025-05-25T19:30:31+00:00","dateModified":"2025-06-06T08:47:11+00:00","breadcrumb":{"@id":"https:\/\/www.airforall.sk\/tepelne-cerpadla-pre-usporne-a-ekologicke-byvanie\/#breadcrumb"},"inLanguage":"cs","potentialAction":[{"@type":"ReadAction","target":["https:\/\/www.airforall.sk\/tepelne-cerpadla-pre-usporne-a-ekologicke-byvanie\/"]}]},{"@type":"ImageObject","inLanguage":"cs","@id":"https:\/\/www.airforall.sk\/tepelne-cerpadla-pre-usporne-a-ekologicke-byvanie\/#primaryimage","url":"https:\/\/www.airforall.sk\/wp-content\/uploads\/2025\/05\/outdoor-air-conditioner-split-system-unit-on-white-2025-02-12-18-32-46-utc-scaled.jpg","contentUrl":"https:\/\/www.airforall.sk\/wp-content\/uploads\/2025\/05\/outdoor-air-conditioner-split-system-unit-on-white-2025-02-12-18-32-46-utc-scaled.jpg","width":2560,"height":1707,"caption":"Outdoor air conditioner split system unit on white wall with copy space. HVAC industrial appliance"},{"@type":"BreadcrumbList","@id":"https:\/\/www.airforall.sk\/tepelne-cerpadla-pre-usporne-a-ekologicke-byvanie\/#breadcrumb","itemListElement":[{"@type":"ListItem","position":1,"name":"Domovsk\u00e1 str\u00e1nka","item":"https:\/\/www.airforall.sk\/cs\/"},{"@type":"ListItem","position":2,"name":"Tepeln\u00e1 \u010derpadla pro \u00fasporn\u00e9 a ekologick\u00e9 bydlen\u00ed"}]},{"@type":"WebSite","@id":"https:\/\/www.airforall.sk\/de\/#website","url":"https:\/\/www.airforall.sk\/de\/","name":"Air For All","description":"Chladenie, k\u00farenie, \u010derstv\u00fd vzduch.","publisher":{"@id":"https:\/\/www.airforall.sk\/de\/#organization"},"potentialAction":[{"@type":"SearchAction","target":{"@type":"EntryPoint","urlTemplate":"https:\/\/www.airforall.sk\/de\/?s={search_term_string}"},"query-input":{"@type":"PropertyValueSpecification","valueRequired":true,"valueName":"search_term_string"}}],"inLanguage":"cs"},{"@type":"Organization","@id":"https:\/\/www.airforall.sk\/de\/#organization","name":"Air For All","url":"https:\/\/www.airforall.sk\/de\/","logo":{"@type":"ImageObject","inLanguage":"cs","@id":"https:\/\/www.airforall.sk\/de\/#\/schema\/logo\/image\/","url":"https:\/\/www.airforall.sk\/wp-content\/uploads\/2025\/06\/cropped-favicon_512px.png","contentUrl":"https:\/\/www.airforall.sk\/wp-content\/uploads\/2025\/06\/cropped-favicon_512px.png","width":512,"height":512,"caption":"Air For All"},"image":{"@id":"https:\/\/www.airforall.sk\/de\/#\/schema\/logo\/image\/"}},{"@type":"Person","@id":"https:\/\/www.airforall.sk\/de\/#\/schema\/person\/37e1bed8a45950abf4e1e111eae9507c","name":"upvision.sk","image":{"@type":"ImageObject","inLanguage":"cs","@id":"https:\/\/www.airforall.sk\/de\/#\/schema\/person\/image\/","url":"https:\/\/secure.gravatar.com\/avatar\/b1dc9124bc119b801fab686b36b471b3cbdb46bb9e4d90091a092d509ca852d4?s=96&d=mm&r=g","contentUrl":"https:\/\/secure.gravatar.com\/avatar\/b1dc9124bc119b801fab686b36b471b3cbdb46bb9e4d90091a092d509ca852d4?s=96&d=mm&r=g","caption":"upvision.sk"},"sameAs":["https:\/\/www.airforall.sk"]}]}},"_links":{"self":[{"href":"https:\/\/www.airforall.sk\/cs\/wp-json\/wp\/v2\/posts\/399","targetHints":{"allow":["GET"]}}],"collection":[{"href":"https:\/\/www.airforall.sk\/cs\/wp-json\/wp\/v2\/posts"}],"about":[{"href":"https:\/\/www.airforall.sk\/cs\/wp-json\/wp\/v2\/types\/post"}],"author":[{"embeddable":true,"href":"https:\/\/www.airforall.sk\/cs\/wp-json\/wp\/v2\/users\/1"}],"replies":[{"embeddable":true,"href":"https:\/\/www.airforall.sk\/cs\/wp-json\/wp\/v2\/comments?post=399"}],"version-history":[{"count":3,"href":"https:\/\/www.airforall.sk\/cs\/wp-json\/wp\/v2\/posts\/399\/revisions"}],"predecessor-version":[{"id":478,"href":"https:\/\/www.airforall.sk\/cs\/wp-json\/wp\/v2\/posts\/399\/revisions\/478"}],"wp:featuredmedia":[{"embeddable":true,"href":"https:\/\/www.airforall.sk\/cs\/wp-json\/wp\/v2\/media\/306"}],"wp:attachment":[{"href":"https:\/\/www.airforall.sk\/cs\/wp-json\/wp\/v2\/media?parent=399"}],"wp:term":[{"taxonomy":"category","embeddable":true,"href":"https:\/\/www.airforall.sk\/cs\/wp-json\/wp\/v2\/categories?post=399"},{"taxonomy":"post_tag","embeddable":true,"href":"https:\/\/www.airforall.sk\/cs\/wp-json\/wp\/v2\/tags?post=399"}],"curies":[{"name":"wp","href":"https:\/\/api.w.org\/{rel}","templated":true}]}}