{"id":320,"date":"2025-05-07T08:50:02","date_gmt":"2025-05-07T08:50:02","guid":{"rendered":"https:\/\/www.airforall.sk\/klimatizacie-pre-celorocny-komfort-a-cisty-vzduch\/"},"modified":"2025-06-06T08:48:48","modified_gmt":"2025-06-06T08:48:48","slug":"klimatizace-pro-celorocni-komfort-a-cisty-vzduch","status":"publish","type":"post","link":"https:\/\/www.airforall.sk\/cs\/klimatizace-pro-celorocni-komfort-a-cisty-vzduch\/","title":{"rendered":"Klimatizace pro celoro\u010dn\u00ed komfort a \u010dist\u00fd vzduch"},"content":{"rendered":"<p style=\"font-weight: 400;\">Modern\u00ed klimatizace nab\u00edzej\u00ed v\u00edce ne\u017e jen chlazen\u00ed b\u011bhem hork\u00fdch letn\u00edch dn\u016f. D\u00edky technologi\u00edm nov\u00e9 generace dok\u00e1\u017e\u00ed efektivn\u011b oh\u0159\u00edvat vzduch v zim\u011b, pracovat \u00fasporn\u011b a z\u00e1rove\u0148 zlep\u0161ovat kvalitu vnit\u0159n\u00edho prost\u0159ed\u00ed. Udr\u017euj\u00ed stabiln\u00ed teplotu, \u010distotu vzduchu a pohodl\u00ed v dom\u00e1cnostech, kancel\u00e1\u0159\u00edch i obchodn\u00edch prostor\u00e1ch. Zna\u010dky jako Sensei, Haier a Mitsubishi spojuj\u00ed tich\u00fd provoz, \u00fasporu energie a praktick\u00e9 funkce, kter\u00e9 ocen\u00edte ka\u017ed\u00fd den.<\/p>\n<p>&nbsp;<\/p>\n<h3 style=\"font-weight: 400;\"><strong>Sensei s d\u016frazem na v\u00fdkon a \u010distotu ovzdu\u0161\u00ed<\/strong><\/h3>\n<p style=\"font-weight: 400;\">Klimatiza\u010dn\u00ed jednotky Sensei nab\u00edzej\u00ed vysokou \u00fa\u010dinnost ve t\u0159\u00edd\u011b A t\u0159i plus a ovl\u00e1d\u00e1n\u00ed p\u0159es mobiln\u00ed aplikaci d\u00edky zabudovan\u00e9mu WiFi modulu.<\/p>\n<p>&nbsp;<\/p>\n<p style=\"font-weight: 400;\"><strong>V\u00fdhody:<\/strong><br \/>\n\u2022 vyt\u00e1p\u011bn\u00ed i p\u0159i minus t\u0159iceti stupn\u00edch Celsia,<br \/>\n\u2022 plazmagener\u00e1tor a UV technologie pro \u010dist\u0161\u00ed vzduch,<br \/>\n\u2022 tich\u00fd provoz b\u011bhem dne i noci,<br \/>\n\u2022 automatick\u00e1 diagnostika chodu.<\/p>\n<p>&nbsp;<\/p>\n<h3 style=\"font-weight: 400;\"><strong>Haier s inteligentn\u00edm \u0159\u00edzen\u00edm a d\u016frazem na zdrav\u00ed<\/strong><\/h3>\n<p style=\"font-weight: 400;\">Haier klade d\u016fraz na \u010distotu vzduchu a modern\u00ed ovl\u00e1d\u00e1n\u00ed. Za\u0159\u00edzen\u00ed jsou vybavena UV modulem, samo\u010di\u0161t\u011bn\u00edm a st\u0159\u00edbrn\u00fdmi \u010d\u00e1sticemi.<\/p>\n<p>&nbsp;<\/p>\n<p style=\"font-weight: 400;\"><strong>Siln\u00e9 str\u00e1nky:<\/strong><br \/>\n\u2022 sterilizace oh\u0159evem na \u0161estapades\u00e1t stup\u0148\u016f Celsia,<br \/>\n\u2022 ovl\u00e1d\u00e1n\u00ed p\u0159es WiFi s podporou Google Home a Amazon Alexa,<br \/>\n\u2022 senzor pohybu pro automatickou optimalizaci v\u00fdkonu,<br \/>\n\u2022 n\u00edzk\u00e1 spot\u0159eba energie ve t\u0159\u00edd\u011b A t\u0159i plus.<\/p>\n<p>&nbsp;<\/p>\n<p><img decoding=\"async\" class=\"aligncenter wp-image-308 size-full lazyload\" data-src=\"https:\/\/www.airforall.sk\/wp-content\/uploads\/2025\/05\/cropped-shot-of-woman-pointing-at-air-conditioner-2024-11-17-09-02-53-utc-scaled.jpg\" alt=\"klimatizacia\" width=\"2560\" height=\"1709\" data-srcset=\"https:\/\/www.airforall.sk\/wp-content\/uploads\/2025\/05\/cropped-shot-of-woman-pointing-at-air-conditioner-2024-11-17-09-02-53-utc-scaled.jpg 2560w, https:\/\/www.airforall.sk\/wp-content\/uploads\/2025\/05\/cropped-shot-of-woman-pointing-at-air-conditioner-2024-11-17-09-02-53-utc-300x200.jpg 300w, https:\/\/www.airforall.sk\/wp-content\/uploads\/2025\/05\/cropped-shot-of-woman-pointing-at-air-conditioner-2024-11-17-09-02-53-utc-1024x683.jpg 1024w, https:\/\/www.airforall.sk\/wp-content\/uploads\/2025\/05\/cropped-shot-of-woman-pointing-at-air-conditioner-2024-11-17-09-02-53-utc-768x513.jpg 768w, https:\/\/www.airforall.sk\/wp-content\/uploads\/2025\/05\/cropped-shot-of-woman-pointing-at-air-conditioner-2024-11-17-09-02-53-utc-1536x1025.jpg 1536w, https:\/\/www.airforall.sk\/wp-content\/uploads\/2025\/05\/cropped-shot-of-woman-pointing-at-air-conditioner-2024-11-17-09-02-53-utc-2048x1367.jpg 2048w\" data-sizes=\"(max-width: 2560px) 100vw, 2560px\" src=\"data:image\/gif;base64,R0lGODlhAQABAAAAACH5BAEKAAEALAAAAAABAAEAAAICTAEAOw==\" style=\"--smush-placeholder-width: 2560px; --smush-placeholder-aspect-ratio: 2560\/1709;\" \/><\/p>\n<h3><\/h3>\n<h3 style=\"font-weight: 400;\"><strong>Mitsubishi pro stabilitu, zdrav\u00ed a tich\u00fd chod<\/strong><\/h3>\n<p style=\"font-weight: 400;\">Mitsubishi p\u0159in\u00e1\u0161\u00ed klimatizace s plazmov\u00fdmi filtry a UV sv\u011btlem, kter\u00e9 \u010dist\u00ed vzduch a p\u0159isp\u00edvaj\u00ed ke zdrav\u00e9mu prost\u0159ed\u00ed. Syst\u00e9m automaticky reguluje teplotu i vlhkost podle aktu\u00e1ln\u00edch podm\u00ednek.<\/p>\n<p>&nbsp;<\/p>\n<p style=\"font-weight: 400;\"><strong>Benefity:<\/strong><br \/>\n\u2022 zdrav\u00fd vzduch vhodn\u00fd i pro alergiky,<br \/>\n\u2022 jednoduch\u00e9 ovl\u00e1d\u00e1n\u00ed s automatick\u00fdm p\u0159izp\u016fsoben\u00edm,<br \/>\n\u2022 vysok\u00e1 \u00fa\u010dinnost a n\u00edzk\u00e1 spot\u0159eba energie,<br \/>\n\u2022 tich\u00fd chod pro klidn\u00e9 prost\u0159ed\u00ed.<\/p>\n<h3><\/h3>\n<h3 style=\"font-weight: 400;\"><strong>Pohodl\u00ed a jistota b\u011bhem cel\u00e9ho roku<\/strong><\/h3>\n<p style=\"font-weight: 400;\">Klimatizace dnes nab\u00edz\u00ed komplexn\u00ed \u0159e\u0161en\u00ed pro tepelnou pohodu i zdrav\u00e9 vnit\u0159n\u00ed prost\u0159ed\u00ed. Sensei zajist\u00ed spolehliv\u00fd v\u00fdkon, Haier nab\u00edz\u00ed inteligentn\u00ed funkce a hygienu, Mitsubishi vsad\u00ed na komfort a stabilitu.<\/p>\n","protected":false},"excerpt":{"rendered":"<p>Modern\u00ed klimatizace nab\u00edzej\u00ed v\u00edc ne\u017e jen chlazen\u00ed b\u011bhem hork\u00fdch letn\u00edch dn\u016f. D\u00edky technologi\u00edm nov\u00e9 generace dok\u00e1\u017eou efektivn\u011b oh\u0159\u00edvat vzduch v zim\u011b, pracovat \u00fasporn\u011b a z\u00e1rove\u0148 zlep\u0161ovat kvalitu vnit\u0159n\u00edho prost\u0159ed\u00ed.<\/p>\n","protected":false},"author":1,"featured_media":310,"comment_status":"closed","ping_status":"closed","sticky":false,"template":"","format":"standard","meta":{"_acf_changed":false,"inline_featured_image":false,"footnotes":""},"categories":[8],"tags":[],"class_list":["post-320","post","type-post","status-publish","format-standard","has-post-thumbnail","hentry","category-klimatizace"],"acf":[],"yoast_head":"<!-- This site is optimized with the Yoast SEO plugin v25.7 - https:\/\/yoast.com\/wordpress\/plugins\/seo\/ -->\n<title>Klimatizace pro celoro\u010dn\u00ed komfort a \u010dist\u00fd vzduch | Air for all<\/title>\n<meta name=\"robots\" content=\"index, follow, max-snippet:-1, max-image-preview:large, max-video-preview:-1\" \/>\n<link rel=\"canonical\" href=\"https:\/\/www.airforall.sk\/klimatizacie-pre-celorocny-komfort-a-cisty-vzduch\/\" \/>\n<meta property=\"og:locale\" content=\"cs_CZ\" \/>\n<meta property=\"og:type\" content=\"article\" \/>\n<meta property=\"og:title\" content=\"Klimatizace pro celoro\u010dn\u00ed komfort a \u010dist\u00fd vzduch | Air for all\" \/>\n<meta property=\"og:description\" content=\"Modern\u00ed klimatizace nab\u00edzej\u00ed v\u00edc ne\u017e jen chlazen\u00ed b\u011bhem hork\u00fdch letn\u00edch dn\u016f. D\u00edky technologi\u00edm nov\u00e9 generace dok\u00e1\u017eou efektivn\u011b oh\u0159\u00edvat vzduch v zim\u011b, pracovat \u00fasporn\u011b a z\u00e1rove\u0148 zlep\u0161ovat kvalitu vnit\u0159n\u00edho prost\u0159ed\u00ed.\" \/>\n<meta property=\"og:url\" content=\"https:\/\/www.airforall.sk\/klimatizacie-pre-celorocny-komfort-a-cisty-vzduch\/\" \/>\n<meta property=\"og:site_name\" content=\"Air for all\" \/>\n<meta property=\"article:published_time\" content=\"2025-05-07T08:50:02+00:00\" \/>\n<meta property=\"article:modified_time\" content=\"2025-06-06T08:48:48+00:00\" \/>\n<meta property=\"og:image\" content=\"https:\/\/www.airforall.sk\/wp-content\/uploads\/2025\/05\/air-conditioner-hanging-on-the-wall-close-up-2025-03-16-20-03-33-utc-scaled.jpg\" \/>\n\t<meta property=\"og:image:width\" content=\"2560\" \/>\n\t<meta property=\"og:image:height\" content=\"1706\" \/>\n\t<meta property=\"og:image:type\" content=\"image\/jpeg\" \/>\n<meta name=\"author\" content=\"upvision.sk\" \/>\n<meta name=\"twitter:card\" content=\"summary_large_image\" \/>\n<meta name=\"twitter:label1\" content=\"Napsal(a)\" \/>\n\t<meta name=\"twitter:data1\" content=\"upvision.sk\" \/>\n\t<meta name=\"twitter:label2\" content=\"Odhadovan\u00e1 doba \u010dten\u00ed\" \/>\n\t<meta name=\"twitter:data2\" content=\"2 minuty\" \/>\n<script type=\"application\/ld+json\" class=\"yoast-schema-graph\">{\"@context\":\"https:\/\/schema.org\",\"@graph\":[{\"@type\":\"Article\",\"@id\":\"https:\/\/www.airforall.sk\/klimatizacie-pre-celorocny-komfort-a-cisty-vzduch\/#article\",\"isPartOf\":{\"@id\":\"https:\/\/www.airforall.sk\/klimatizacie-pre-celorocny-komfort-a-cisty-vzduch\/\"},\"author\":{\"name\":\"upvision.sk\",\"@id\":\"https:\/\/www.airforall.sk\/de\/#\/schema\/person\/37e1bed8a45950abf4e1e111eae9507c\"},\"headline\":\"Klimatizace pro celoro\u010dn\u00ed komfort a \u010dist\u00fd vzduch\",\"datePublished\":\"2025-05-07T08:50:02+00:00\",\"dateModified\":\"2025-06-06T08:48:48+00:00\",\"mainEntityOfPage\":{\"@id\":\"https:\/\/www.airforall.sk\/klimatizacie-pre-celorocny-komfort-a-cisty-vzduch\/\"},\"wordCount\":366,\"publisher\":{\"@id\":\"https:\/\/www.airforall.sk\/de\/#organization\"},\"image\":{\"@id\":\"https:\/\/www.airforall.sk\/klimatizacie-pre-celorocny-komfort-a-cisty-vzduch\/#primaryimage\"},\"thumbnailUrl\":\"https:\/\/www.airforall.sk\/wp-content\/uploads\/2025\/05\/air-conditioner-hanging-on-the-wall-close-up-2025-03-16-20-03-33-utc-scaled.jpg\",\"articleSection\":[\"KLIMATIZACE\"],\"inLanguage\":\"cs\"},{\"@type\":\"WebPage\",\"@id\":\"https:\/\/www.airforall.sk\/klimatizacie-pre-celorocny-komfort-a-cisty-vzduch\/\",\"url\":\"https:\/\/www.airforall.sk\/klimatizacie-pre-celorocny-komfort-a-cisty-vzduch\/\",\"name\":\"Klimatizace pro celoro\u010dn\u00ed komfort a \u010dist\u00fd vzduch | Air for all\",\"isPartOf\":{\"@id\":\"https:\/\/www.airforall.sk\/de\/#website\"},\"primaryImageOfPage\":{\"@id\":\"https:\/\/www.airforall.sk\/klimatizacie-pre-celorocny-komfort-a-cisty-vzduch\/#primaryimage\"},\"image\":{\"@id\":\"https:\/\/www.airforall.sk\/klimatizacie-pre-celorocny-komfort-a-cisty-vzduch\/#primaryimage\"},\"thumbnailUrl\":\"https:\/\/www.airforall.sk\/wp-content\/uploads\/2025\/05\/air-conditioner-hanging-on-the-wall-close-up-2025-03-16-20-03-33-utc-scaled.jpg\",\"datePublished\":\"2025-05-07T08:50:02+00:00\",\"dateModified\":\"2025-06-06T08:48:48+00:00\",\"breadcrumb\":{\"@id\":\"https:\/\/www.airforall.sk\/klimatizacie-pre-celorocny-komfort-a-cisty-vzduch\/#breadcrumb\"},\"inLanguage\":\"cs\",\"potentialAction\":[{\"@type\":\"ReadAction\",\"target\":[\"https:\/\/www.airforall.sk\/klimatizacie-pre-celorocny-komfort-a-cisty-vzduch\/\"]}]},{\"@type\":\"ImageObject\",\"inLanguage\":\"cs\",\"@id\":\"https:\/\/www.airforall.sk\/klimatizacie-pre-celorocny-komfort-a-cisty-vzduch\/#primaryimage\",\"url\":\"https:\/\/www.airforall.sk\/wp-content\/uploads\/2025\/05\/air-conditioner-hanging-on-the-wall-close-up-2025-03-16-20-03-33-utc-scaled.jpg\",\"contentUrl\":\"https:\/\/www.airforall.sk\/wp-content\/uploads\/2025\/05\/air-conditioner-hanging-on-the-wall-close-up-2025-03-16-20-03-33-utc-scaled.jpg\",\"width\":2560,\"height\":1706,\"caption\":\"Adjusting temperature on air conditioner, Working air conditioner for comfort temperature in home at hot summer, cooling air in the room\"},{\"@type\":\"BreadcrumbList\",\"@id\":\"https:\/\/www.airforall.sk\/klimatizacie-pre-celorocny-komfort-a-cisty-vzduch\/#breadcrumb\",\"itemListElement\":[{\"@type\":\"ListItem\",\"position\":1,\"name\":\"Domovsk\u00e1 str\u00e1nka\",\"item\":\"https:\/\/www.airforall.sk\/cs\/\"},{\"@type\":\"ListItem\",\"position\":2,\"name\":\"Klimatizace pro celoro\u010dn\u00ed komfort a \u010dist\u00fd vzduch\"}]},{\"@type\":\"WebSite\",\"@id\":\"https:\/\/www.airforall.sk\/de\/#website\",\"url\":\"https:\/\/www.airforall.sk\/de\/\",\"name\":\"Air For All\",\"description\":\"Chladenie, k\u00farenie, \u010derstv\u00fd vzduch.\",\"publisher\":{\"@id\":\"https:\/\/www.airforall.sk\/de\/#organization\"},\"potentialAction\":[{\"@type\":\"SearchAction\",\"target\":{\"@type\":\"EntryPoint\",\"urlTemplate\":\"https:\/\/www.airforall.sk\/de\/?s={search_term_string}\"},\"query-input\":{\"@type\":\"PropertyValueSpecification\",\"valueRequired\":true,\"valueName\":\"search_term_string\"}}],\"inLanguage\":\"cs\"},{\"@type\":\"Organization\",\"@id\":\"https:\/\/www.airforall.sk\/de\/#organization\",\"name\":\"Air For All\",\"url\":\"https:\/\/www.airforall.sk\/de\/\",\"logo\":{\"@type\":\"ImageObject\",\"inLanguage\":\"cs\",\"@id\":\"https:\/\/www.airforall.sk\/de\/#\/schema\/logo\/image\/\",\"url\":\"https:\/\/www.airforall.sk\/wp-content\/uploads\/2025\/06\/cropped-favicon_512px.png\",\"contentUrl\":\"https:\/\/www.airforall.sk\/wp-content\/uploads\/2025\/06\/cropped-favicon_512px.png\",\"width\":512,\"height\":512,\"caption\":\"Air For All\"},\"image\":{\"@id\":\"https:\/\/www.airforall.sk\/de\/#\/schema\/logo\/image\/\"}},{\"@type\":\"Person\",\"@id\":\"https:\/\/www.airforall.sk\/de\/#\/schema\/person\/37e1bed8a45950abf4e1e111eae9507c\",\"name\":\"upvision.sk\",\"image\":{\"@type\":\"ImageObject\",\"inLanguage\":\"cs\",\"@id\":\"https:\/\/www.airforall.sk\/de\/#\/schema\/person\/image\/\",\"url\":\"https:\/\/secure.gravatar.com\/avatar\/b1dc9124bc119b801fab686b36b471b3cbdb46bb9e4d90091a092d509ca852d4?s=96&d=mm&r=g\",\"contentUrl\":\"https:\/\/secure.gravatar.com\/avatar\/b1dc9124bc119b801fab686b36b471b3cbdb46bb9e4d90091a092d509ca852d4?s=96&d=mm&r=g\",\"caption\":\"upvision.sk\"},\"sameAs\":[\"https:\/\/www.airforall.sk\"]}]}<\/script>\n<!-- \/ Yoast SEO plugin. -->","yoast_head_json":{"title":"Klimatizace pro celoro\u010dn\u00ed komfort a \u010dist\u00fd vzduch | Air for all","robots":{"index":"index","follow":"follow","max-snippet":"max-snippet:-1","max-image-preview":"max-image-preview:large","max-video-preview":"max-video-preview:-1"},"canonical":"https:\/\/www.airforall.sk\/klimatizacie-pre-celorocny-komfort-a-cisty-vzduch\/","og_locale":"cs_CZ","og_type":"article","og_title":"Klimatizace pro celoro\u010dn\u00ed komfort a \u010dist\u00fd vzduch | Air for all","og_description":"Modern\u00ed klimatizace nab\u00edzej\u00ed v\u00edc ne\u017e jen chlazen\u00ed b\u011bhem hork\u00fdch letn\u00edch dn\u016f. D\u00edky technologi\u00edm nov\u00e9 generace dok\u00e1\u017eou efektivn\u011b oh\u0159\u00edvat vzduch v zim\u011b, pracovat \u00fasporn\u011b a z\u00e1rove\u0148 zlep\u0161ovat kvalitu vnit\u0159n\u00edho prost\u0159ed\u00ed.","og_url":"https:\/\/www.airforall.sk\/klimatizacie-pre-celorocny-komfort-a-cisty-vzduch\/","og_site_name":"Air for all","article_published_time":"2025-05-07T08:50:02+00:00","article_modified_time":"2025-06-06T08:48:48+00:00","og_image":[{"width":2560,"height":1706,"url":"https:\/\/www.airforall.sk\/wp-content\/uploads\/2025\/05\/air-conditioner-hanging-on-the-wall-close-up-2025-03-16-20-03-33-utc-scaled.jpg","type":"image\/jpeg"}],"author":"upvision.sk","twitter_card":"summary_large_image","twitter_misc":{"Napsal(a)":"upvision.sk","Odhadovan\u00e1 doba \u010dten\u00ed":"2 minuty"},"schema":{"@context":"https:\/\/schema.org","@graph":[{"@type":"Article","@id":"https:\/\/www.airforall.sk\/klimatizacie-pre-celorocny-komfort-a-cisty-vzduch\/#article","isPartOf":{"@id":"https:\/\/www.airforall.sk\/klimatizacie-pre-celorocny-komfort-a-cisty-vzduch\/"},"author":{"name":"upvision.sk","@id":"https:\/\/www.airforall.sk\/de\/#\/schema\/person\/37e1bed8a45950abf4e1e111eae9507c"},"headline":"Klimatizace pro celoro\u010dn\u00ed komfort a \u010dist\u00fd vzduch","datePublished":"2025-05-07T08:50:02+00:00","dateModified":"2025-06-06T08:48:48+00:00","mainEntityOfPage":{"@id":"https:\/\/www.airforall.sk\/klimatizacie-pre-celorocny-komfort-a-cisty-vzduch\/"},"wordCount":366,"publisher":{"@id":"https:\/\/www.airforall.sk\/de\/#organization"},"image":{"@id":"https:\/\/www.airforall.sk\/klimatizacie-pre-celorocny-komfort-a-cisty-vzduch\/#primaryimage"},"thumbnailUrl":"https:\/\/www.airforall.sk\/wp-content\/uploads\/2025\/05\/air-conditioner-hanging-on-the-wall-close-up-2025-03-16-20-03-33-utc-scaled.jpg","articleSection":["KLIMATIZACE"],"inLanguage":"cs"},{"@type":"WebPage","@id":"https:\/\/www.airforall.sk\/klimatizacie-pre-celorocny-komfort-a-cisty-vzduch\/","url":"https:\/\/www.airforall.sk\/klimatizacie-pre-celorocny-komfort-a-cisty-vzduch\/","name":"Klimatizace pro celoro\u010dn\u00ed komfort a \u010dist\u00fd vzduch | Air for all","isPartOf":{"@id":"https:\/\/www.airforall.sk\/de\/#website"},"primaryImageOfPage":{"@id":"https:\/\/www.airforall.sk\/klimatizacie-pre-celorocny-komfort-a-cisty-vzduch\/#primaryimage"},"image":{"@id":"https:\/\/www.airforall.sk\/klimatizacie-pre-celorocny-komfort-a-cisty-vzduch\/#primaryimage"},"thumbnailUrl":"https:\/\/www.airforall.sk\/wp-content\/uploads\/2025\/05\/air-conditioner-hanging-on-the-wall-close-up-2025-03-16-20-03-33-utc-scaled.jpg","datePublished":"2025-05-07T08:50:02+00:00","dateModified":"2025-06-06T08:48:48+00:00","breadcrumb":{"@id":"https:\/\/www.airforall.sk\/klimatizacie-pre-celorocny-komfort-a-cisty-vzduch\/#breadcrumb"},"inLanguage":"cs","potentialAction":[{"@type":"ReadAction","target":["https:\/\/www.airforall.sk\/klimatizacie-pre-celorocny-komfort-a-cisty-vzduch\/"]}]},{"@type":"ImageObject","inLanguage":"cs","@id":"https:\/\/www.airforall.sk\/klimatizacie-pre-celorocny-komfort-a-cisty-vzduch\/#primaryimage","url":"https:\/\/www.airforall.sk\/wp-content\/uploads\/2025\/05\/air-conditioner-hanging-on-the-wall-close-up-2025-03-16-20-03-33-utc-scaled.jpg","contentUrl":"https:\/\/www.airforall.sk\/wp-content\/uploads\/2025\/05\/air-conditioner-hanging-on-the-wall-close-up-2025-03-16-20-03-33-utc-scaled.jpg","width":2560,"height":1706,"caption":"Adjusting temperature on air conditioner, Working air conditioner for comfort temperature in home at hot summer, cooling air in the room"},{"@type":"BreadcrumbList","@id":"https:\/\/www.airforall.sk\/klimatizacie-pre-celorocny-komfort-a-cisty-vzduch\/#breadcrumb","itemListElement":[{"@type":"ListItem","position":1,"name":"Domovsk\u00e1 str\u00e1nka","item":"https:\/\/www.airforall.sk\/cs\/"},{"@type":"ListItem","position":2,"name":"Klimatizace pro celoro\u010dn\u00ed komfort a \u010dist\u00fd vzduch"}]},{"@type":"WebSite","@id":"https:\/\/www.airforall.sk\/de\/#website","url":"https:\/\/www.airforall.sk\/de\/","name":"Air For All","description":"Chladenie, k\u00farenie, \u010derstv\u00fd vzduch.","publisher":{"@id":"https:\/\/www.airforall.sk\/de\/#organization"},"potentialAction":[{"@type":"SearchAction","target":{"@type":"EntryPoint","urlTemplate":"https:\/\/www.airforall.sk\/de\/?s={search_term_string}"},"query-input":{"@type":"PropertyValueSpecification","valueRequired":true,"valueName":"search_term_string"}}],"inLanguage":"cs"},{"@type":"Organization","@id":"https:\/\/www.airforall.sk\/de\/#organization","name":"Air For All","url":"https:\/\/www.airforall.sk\/de\/","logo":{"@type":"ImageObject","inLanguage":"cs","@id":"https:\/\/www.airforall.sk\/de\/#\/schema\/logo\/image\/","url":"https:\/\/www.airforall.sk\/wp-content\/uploads\/2025\/06\/cropped-favicon_512px.png","contentUrl":"https:\/\/www.airforall.sk\/wp-content\/uploads\/2025\/06\/cropped-favicon_512px.png","width":512,"height":512,"caption":"Air For All"},"image":{"@id":"https:\/\/www.airforall.sk\/de\/#\/schema\/logo\/image\/"}},{"@type":"Person","@id":"https:\/\/www.airforall.sk\/de\/#\/schema\/person\/37e1bed8a45950abf4e1e111eae9507c","name":"upvision.sk","image":{"@type":"ImageObject","inLanguage":"cs","@id":"https:\/\/www.airforall.sk\/de\/#\/schema\/person\/image\/","url":"https:\/\/secure.gravatar.com\/avatar\/b1dc9124bc119b801fab686b36b471b3cbdb46bb9e4d90091a092d509ca852d4?s=96&d=mm&r=g","contentUrl":"https:\/\/secure.gravatar.com\/avatar\/b1dc9124bc119b801fab686b36b471b3cbdb46bb9e4d90091a092d509ca852d4?s=96&d=mm&r=g","caption":"upvision.sk"},"sameAs":["https:\/\/www.airforall.sk"]}]}},"_links":{"self":[{"href":"https:\/\/www.airforall.sk\/cs\/wp-json\/wp\/v2\/posts\/320","targetHints":{"allow":["GET"]}}],"collection":[{"href":"https:\/\/www.airforall.sk\/cs\/wp-json\/wp\/v2\/posts"}],"about":[{"href":"https:\/\/www.airforall.sk\/cs\/wp-json\/wp\/v2\/types\/post"}],"author":[{"embeddable":true,"href":"https:\/\/www.airforall.sk\/cs\/wp-json\/wp\/v2\/users\/1"}],"replies":[{"embeddable":true,"href":"https:\/\/www.airforall.sk\/cs\/wp-json\/wp\/v2\/comments?post=320"}],"version-history":[{"count":3,"href":"https:\/\/www.airforall.sk\/cs\/wp-json\/wp\/v2\/posts\/320\/revisions"}],"predecessor-version":[{"id":480,"href":"https:\/\/www.airforall.sk\/cs\/wp-json\/wp\/v2\/posts\/320\/revisions\/480"}],"wp:featuredmedia":[{"embeddable":true,"href":"https:\/\/www.airforall.sk\/cs\/wp-json\/wp\/v2\/media\/310"}],"wp:attachment":[{"href":"https:\/\/www.airforall.sk\/cs\/wp-json\/wp\/v2\/media?parent=320"}],"wp:term":[{"taxonomy":"category","embeddable":true,"href":"https:\/\/www.airforall.sk\/cs\/wp-json\/wp\/v2\/categories?post=320"},{"taxonomy":"post_tag","embeddable":true,"href":"https:\/\/www.airforall.sk\/cs\/wp-json\/wp\/v2\/tags?post=320"}],"curies":[{"name":"wp","href":"https:\/\/api.w.org\/{rel}","templated":true}]}}